{"id":7012,"date":"2020-10-01T09:01:52","date_gmt":"2020-10-01T09:01:52","guid":{"rendered":"http:\/\/www.muntdemots.org\/2013\/?p=7012"},"modified":"2020-10-01T14:25:19","modified_gmt":"2020-10-01T14:25:19","slug":"inauguracio-a-luz-de-gas","status":"publish","type":"post","link":"http:\/\/www.muntdemots.org\/2020\/inauguracio-a-luz-de-gas\/","title":{"rendered":"Inauguraci\u00f3 Munt de Mots"},"content":{"rendered":"\r\n<figure class=\"wp-block-image\"><img decoding=\"async\" loading=\"lazy\" width=\"900\" height=\"600\" class=\"wp-image-9020\" src=\"http:\/\/www.muntdemots.org\/2019\/wp-content\/uploads\/2019\/09\/luzdegas.jpg\" alt=\"\" srcset=\"http:\/\/www.muntdemots.org\/2020\/wp-content\/uploads\/2019\/09\/luzdegas.jpg 900w, http:\/\/www.muntdemots.org\/2020\/wp-content\/uploads\/2019\/09\/luzdegas-300x200.jpg 300w, http:\/\/www.muntdemots.org\/2020\/wp-content\/uploads\/2019\/09\/luzdegas-768x512.jpg 768w, http:\/\/www.muntdemots.org\/2020\/wp-content\/uploads\/2019\/09\/luzdegas-420x280.jpg 420w\" sizes=\"(max-width: 900px) 100vw, 900px\" \/><\/figure>\r\n\r\n<p>INAUGURACI\u00d3 11\u00e8 FESTIVAL MUNT DE MOTS, 2020.<\/p>\r\n<p><strong>Dilluns 19 d&#8217;octubre- 21h\u00a0<\/strong><br \/>Facebook i Youtube de Munt de Mots<\/p>\r\n<p><span class=\"text_exposed_show\"><br \/><strong>Activitat gratu\u00efta!<\/strong><\/span><\/p>\r\n<p>&nbsp;<\/p>","protected":false},"excerpt":{"rendered":"<p>INAUGURACI\u00d3 11\u00e8 FESTIVAL MUNT DE MOTS, 2020. Dilluns 19 d&#8217;octubre- 21h\u00a0Facebook i Youtube de Munt de Mots Activitat gratu\u00efta! &nbsp;<\/p>\n","protected":false},"author":1,"featured_media":9020,"comment_status":"open","ping_status":"open","sticky":true,"template":"","format":"standard","meta":{"_mi_skip_tracking":false},"categories":[1],"tags":[],"yoast_head":"<!-- This site is optimized with the Yoast SEO plugin v20.5 - https:\/\/yoast.com\/wordpress\/plugins\/seo\/ -->\n<title>Inauguraci\u00f3 Munt de Mots - Munt de Mots<\/title>\n<meta name=\"description\" content=\"inauguraci\u00f3\" \/>\n<meta name=\"robots\" content=\"index, follow, max-snippet:-1, max-image-preview:large, max-video-preview:-1\" \/>\n<link rel=\"canonical\" href=\"http:\/\/www.muntdemots.org\/2020\/inauguracio-a-luz-de-gas\/\" \/>\n<meta property=\"og:locale\" content=\"ca_ES\" \/>\n<meta property=\"og:type\" content=\"article\" \/>\n<meta property=\"og:title\" content=\"INAUGURACI\u00d3 - Munt de Mots 2015 a la Sala Luz de gas\" \/>\n<meta property=\"og:description\" content=\"Acte d\u2019inauguraci\u00f3 del VI Festival de Narraci\u00f3 Oral de Barcelona, Munt de Mots 2015, amb la participaci\u00f3 de Pablo Albo, Boni Ofogo, Paula Carballeira, Arnau Vilardeb\u00f2, Alex\u00e1nder Hern\u00e1ndez, Albert Estengre, 3LiosTr\u00edo, Mat\u00edas T\u00e1rraga, Anolis Annelore, Ana Herreros, Vivim del Cuentu.\" \/>\n<meta property=\"og:url\" content=\"http:\/\/www.muntdemots.org\/2020\/inauguracio-a-luz-de-gas\/\" \/>\n<meta property=\"og:site_name\" content=\"Munt de Mots\" \/>\n<meta property=\"article:publisher\" content=\"https:\/\/www.facebook.com\/FestivalMuntdeMots\" \/>\n<meta property=\"article:published_time\" content=\"2020-10-01T09:01:52+00:00\" \/>\n<meta property=\"article:modified_time\" content=\"2020-10-01T14:25:19+00:00\" \/>\n<meta property=\"og:image\" content=\"http:\/\/www.muntdemots.org\/2020\/wp-content\/uploads\/2019\/09\/luzdegas.jpg\" \/>\n\t<meta property=\"og:image:width\" content=\"900\" \/>\n\t<meta property=\"og:image:height\" content=\"600\" \/>\n\t<meta property=\"og:image:type\" content=\"image\/jpeg\" \/>\n<meta name=\"author\" content=\"Administrador\" \/>\n<meta name=\"twitter:card\" content=\"summary_large_image\" \/>\n<meta name=\"twitter:title\" content=\"INAUGURACI\u00d3 - Munt de Mots 2015 a la Sala Luz de gas\" \/>\n<meta name=\"twitter:description\" content=\"Acte d\u2019inauguraci\u00f3 del VI Festival de Narraci\u00f3 Oral de Barcelona, Munt de Mots 2015, amb la participaci\u00f3 de Pablo Albo, Boni Ofogo, Paula Carballeira, Arnau Vilardeb\u00f2, Alex\u00e1nder Hern\u00e1ndez, Albert Estengre, 3LiosTr\u00edo, Mat\u00edas T\u00e1rraga, Anolis Annelore, Ana Herreros, Vivim del Cuentu.\" \/>\n<meta name=\"twitter:creator\" content=\"@muntdemots\" \/>\n<meta name=\"twitter:site\" content=\"@muntdemots\" \/>\n<meta name=\"twitter:label1\" content=\"Escrit per\" \/>\n\t<meta name=\"twitter:data1\" content=\"Administrador\" \/>\n<script type=\"application\/ld+json\" class=\"yoast-schema-graph\">{\"@context\":\"https:\/\/schema.org\",\"@graph\":[{\"@type\":\"WebPage\",\"@id\":\"http:\/\/www.muntdemots.org\/2020\/inauguracio-a-luz-de-gas\/\",\"url\":\"http:\/\/www.muntdemots.org\/2020\/inauguracio-a-luz-de-gas\/\",\"name\":\"Inauguraci\u00f3 Munt de Mots - Munt de Mots\",\"isPartOf\":{\"@id\":\"https:\/\/www.muntdemots.org\/2020\/#website\"},\"datePublished\":\"2020-10-01T09:01:52+00:00\",\"dateModified\":\"2020-10-01T14:25:19+00:00\",\"author\":{\"@id\":\"https:\/\/www.muntdemots.org\/2020\/#\/schema\/person\/044f266ada0bbfef322c898b60c664eb\"},\"description\":\"inauguraci\u00f3\",\"breadcrumb\":{\"@id\":\"http:\/\/www.muntdemots.org\/2020\/inauguracio-a-luz-de-gas\/#breadcrumb\"},\"inLanguage\":\"ca\",\"potentialAction\":[{\"@type\":\"ReadAction\",\"target\":[\"http:\/\/www.muntdemots.org\/2020\/inauguracio-a-luz-de-gas\/\"]}]},{\"@type\":\"BreadcrumbList\",\"@id\":\"http:\/\/www.muntdemots.org\/2020\/inauguracio-a-luz-de-gas\/#breadcrumb\",\"itemListElement\":[{\"@type\":\"ListItem\",\"position\":1,\"name\":\"Inici\",\"item\":\"https:\/\/www.muntdemots.org\/2020\/\"},{\"@type\":\"ListItem\",\"position\":2,\"name\":\"Inauguraci\u00f3 Munt de Mots\"}]},{\"@type\":\"WebSite\",\"@id\":\"https:\/\/www.muntdemots.org\/2020\/#website\",\"url\":\"https:\/\/www.muntdemots.org\/2020\/\",\"name\":\"Munt de Mots\",\"description\":\"\",\"potentialAction\":[{\"@type\":\"SearchAction\",\"target\":{\"@type\":\"EntryPoint\",\"urlTemplate\":\"https:\/\/www.muntdemots.org\/2020\/?s={search_term_string}\"},\"query-input\":\"required name=search_term_string\"}],\"inLanguage\":\"ca\"},{\"@type\":\"Person\",\"@id\":\"https:\/\/www.muntdemots.org\/2020\/#\/schema\/person\/044f266ada0bbfef322c898b60c664eb\",\"name\":\"Administrador\",\"image\":{\"@type\":\"ImageObject\",\"inLanguage\":\"ca\",\"@id\":\"https:\/\/www.muntdemots.org\/2020\/#\/schema\/person\/image\/\",\"url\":\"http:\/\/2.gravatar.com\/avatar\/5e606b92edeab8bde9bff51a218d5ea9?s=96&d=mm&r=g\",\"contentUrl\":\"http:\/\/2.gravatar.com\/avatar\/5e606b92edeab8bde9bff51a218d5ea9?s=96&d=mm&r=g\",\"caption\":\"Administrador\"},\"url\":\"http:\/\/www.muntdemots.org\/2020\/author\/admin\/\"}]}<\/script>\n<!-- \/ Yoast SEO plugin. -->","yoast_head_json":{"title":"Inauguraci\u00f3 Munt de Mots - Munt de Mots","description":"inauguraci\u00f3","robots":{"index":"index","follow":"follow","max-snippet":"max-snippet:-1","max-image-preview":"max-image-preview:large","max-video-preview":"max-video-preview:-1"},"canonical":"http:\/\/www.muntdemots.org\/2020\/inauguracio-a-luz-de-gas\/","og_locale":"ca_ES","og_type":"article","og_title":"INAUGURACI\u00d3 - Munt de Mots 2015 a la Sala Luz de gas","og_description":"Acte d\u2019inauguraci\u00f3 del VI Festival de Narraci\u00f3 Oral de Barcelona, Munt de Mots 2015, amb la participaci\u00f3 de Pablo Albo, Boni Ofogo, Paula Carballeira, Arnau Vilardeb\u00f2, Alex\u00e1nder Hern\u00e1ndez, Albert Estengre, 3LiosTr\u00edo, Mat\u00edas T\u00e1rraga, Anolis Annelore, Ana Herreros, Vivim del Cuentu.","og_url":"http:\/\/www.muntdemots.org\/2020\/inauguracio-a-luz-de-gas\/","og_site_name":"Munt de Mots","article_publisher":"https:\/\/www.facebook.com\/FestivalMuntdeMots","article_published_time":"2020-10-01T09:01:52+00:00","article_modified_time":"2020-10-01T14:25:19+00:00","og_image":[{"width":900,"height":600,"url":"http:\/\/www.muntdemots.org\/2020\/wp-content\/uploads\/2019\/09\/luzdegas.jpg","type":"image\/jpeg"}],"author":"Administrador","twitter_card":"summary_large_image","twitter_title":"INAUGURACI\u00d3 - Munt de Mots 2015 a la Sala Luz de gas","twitter_description":"Acte d\u2019inauguraci\u00f3 del VI Festival de Narraci\u00f3 Oral de Barcelona, Munt de Mots 2015, amb la participaci\u00f3 de Pablo Albo, Boni Ofogo, Paula Carballeira, Arnau Vilardeb\u00f2, Alex\u00e1nder Hern\u00e1ndez, Albert Estengre, 3LiosTr\u00edo, Mat\u00edas T\u00e1rraga, Anolis Annelore, Ana Herreros, Vivim del Cuentu.","twitter_creator":"@muntdemots","twitter_site":"@muntdemots","twitter_misc":{"Escrit per":"Administrador"},"schema":{"@context":"https:\/\/schema.org","@graph":[{"@type":"WebPage","@id":"http:\/\/www.muntdemots.org\/2020\/inauguracio-a-luz-de-gas\/","url":"http:\/\/www.muntdemots.org\/2020\/inauguracio-a-luz-de-gas\/","name":"Inauguraci\u00f3 Munt de Mots - Munt de Mots","isPartOf":{"@id":"https:\/\/www.muntdemots.org\/2020\/#website"},"datePublished":"2020-10-01T09:01:52+00:00","dateModified":"2020-10-01T14:25:19+00:00","author":{"@id":"https:\/\/www.muntdemots.org\/2020\/#\/schema\/person\/044f266ada0bbfef322c898b60c664eb"},"description":"inauguraci\u00f3","breadcrumb":{"@id":"http:\/\/www.muntdemots.org\/2020\/inauguracio-a-luz-de-gas\/#breadcrumb"},"inLanguage":"ca","potentialAction":[{"@type":"ReadAction","target":["http:\/\/www.muntdemots.org\/2020\/inauguracio-a-luz-de-gas\/"]}]},{"@type":"BreadcrumbList","@id":"http:\/\/www.muntdemots.org\/2020\/inauguracio-a-luz-de-gas\/#breadcrumb","itemListElement":[{"@type":"ListItem","position":1,"name":"Inici","item":"https:\/\/www.muntdemots.org\/2020\/"},{"@type":"ListItem","position":2,"name":"Inauguraci\u00f3 Munt de Mots"}]},{"@type":"WebSite","@id":"https:\/\/www.muntdemots.org\/2020\/#website","url":"https:\/\/www.muntdemots.org\/2020\/","name":"Munt de Mots","description":"","potentialAction":[{"@type":"SearchAction","target":{"@type":"EntryPoint","urlTemplate":"https:\/\/www.muntdemots.org\/2020\/?s={search_term_string}"},"query-input":"required name=search_term_string"}],"inLanguage":"ca"},{"@type":"Person","@id":"https:\/\/www.muntdemots.org\/2020\/#\/schema\/person\/044f266ada0bbfef322c898b60c664eb","name":"Administrador","image":{"@type":"ImageObject","inLanguage":"ca","@id":"https:\/\/www.muntdemots.org\/2020\/#\/schema\/person\/image\/","url":"http:\/\/2.gravatar.com\/avatar\/5e606b92edeab8bde9bff51a218d5ea9?s=96&d=mm&r=g","contentUrl":"http:\/\/2.gravatar.com\/avatar\/5e606b92edeab8bde9bff51a218d5ea9?s=96&d=mm&r=g","caption":"Administrador"},"url":"http:\/\/www.muntdemots.org\/2020\/author\/admin\/"}]}},"_links":{"self":[{"href":"http:\/\/www.muntdemots.org\/2020\/wp-json\/wp\/v2\/posts\/7012"}],"collection":[{"href":"http:\/\/www.muntdemots.org\/2020\/wp-json\/wp\/v2\/posts"}],"about":[{"href":"http:\/\/www.muntdemots.org\/2020\/wp-json\/wp\/v2\/types\/post"}],"author":[{"embeddable":true,"href":"http:\/\/www.muntdemots.org\/2020\/wp-json\/wp\/v2\/users\/1"}],"replies":[{"embeddable":true,"href":"http:\/\/www.muntdemots.org\/2020\/wp-json\/wp\/v2\/comments?post=7012"}],"version-history":[{"count":31,"href":"http:\/\/www.muntdemots.org\/2020\/wp-json\/wp\/v2\/posts\/7012\/revisions"}],"predecessor-version":[{"id":9140,"href":"http:\/\/www.muntdemots.org\/2020\/wp-json\/wp\/v2\/posts\/7012\/revisions\/9140"}],"wp:featuredmedia":[{"embeddable":true,"href":"http:\/\/www.muntdemots.org\/2020\/wp-json\/wp\/v2\/media\/9020"}],"wp:attachment":[{"href":"http:\/\/www.muntdemots.org\/2020\/wp-json\/wp\/v2\/media?parent=7012"}],"wp:term":[{"taxonomy":"category","embeddable":true,"href":"http:\/\/www.muntdemots.org\/2020\/wp-json\/wp\/v2\/categories?post=7012"},{"taxonomy":"post_tag","embeddable":true,"href":"http:\/\/www.muntdemots.org\/2020\/wp-json\/wp\/v2\/tags?post=7012"}],"curies":[{"name":"wp","href":"https:\/\/api.w.org\/{rel}","templated":true}]}}