{"id":7012,"date":"2015-07-31T00:01:52","date_gmt":"2015-07-31T00:01:52","guid":{"rendered":"http:\/\/www.muntdemots.org\/2013\/?p=7012"},"modified":"2016-10-15T23:45:23","modified_gmt":"2016-10-15T23:45:23","slug":"inauguracio-a-luz-de-gas","status":"publish","type":"post","link":"http:\/\/www.muntdemots.org\/2016\/inauguracio-a-luz-de-gas\/","title":{"rendered":"Inauguraci\u00f3 a Centre Artes\u00e0 Tradicion\u00e0rius"},"content":{"rendered":"<p>INAUGURACI\u00d3 &#8211; Munt de Mots 2016 &#8211; Am\u00e8rica Llatina: tenim en com\u00fa all\u00f2 extraordinari.<\/p>\n<p>Acte d\u2019inauguraci\u00f3, amb la participaci\u00f3 de Coralia Rodr\u00edguez (Cuba), Irma Helou (Fran\u00e7a), Soledad Felloza (Uruguai), Linsabel Noguera (Vene\u00e7uela), Alicia Molina (Catalunya). El cantautor peru\u00e0 Gaddafi Nu\u00f1ez cantar\u00e0 les can\u00e7ons del seu nou cd \u201cGaleano Encendido\u201d.<\/p>\n<p>&nbsp;<\/p>\n<p>Adults \/ Catal\u00e0 i castell\u00e0<br \/>\n<strong>Dilluns 17 d&#8217;octubre<\/strong><br \/>\nHora: 20.00 h (recital) 20.30 h (contes)<br \/>\nCentre Artes\u00e0 Tradicion\u00e0rius<br \/>\nTaquilla inversa (a la sortida col\u00b7labora amb l\u2019import que creguis convenient)<\/p>\n<p>&nbsp;<\/p>\n","protected":false},"excerpt":{"rendered":"<p>INAUGURACI\u00d3 &#8211; Munt de Mots 2016 &#8211; Am\u00e8rica Llatina: tenim en com\u00fa all\u00f2 extraordinari. Acte d\u2019inauguraci\u00f3, amb la participaci\u00f3 de Coralia Rodr\u00edguez (Cuba), Irma Helou (Fran\u00e7a), Soledad Felloza (Uruguai), Linsabel Noguera (Vene\u00e7uela), Alicia Molina (Catalunya). El cantautor peru\u00e0 Gaddafi Nu\u00f1ez cantar\u00e0 les can\u00e7ons del seu nou cd \u201cGaleano Encendido\u201d. &nbsp; Adults \/ Catal\u00e0 i castell\u00e0 [&hellip;]<\/p>\n","protected":false},"author":1,"featured_media":8275,"comment_status":"open","ping_status":"open","sticky":true,"template":"","format":"standard","meta":{"_mi_skip_tracking":false},"categories":[1],"tags":[],"yoast_head":"<!-- This site is optimized with the Yoast SEO plugin v20.5 - https:\/\/yoast.com\/wordpress\/plugins\/seo\/ -->\n<title>Inauguraci\u00f3 a Centre Artes\u00e0 Tradicion\u00e0rius - Munt de Mots<\/title>\n<meta name=\"description\" content=\"inauguraci\u00f3\" \/>\n<meta name=\"robots\" content=\"index, follow, max-snippet:-1, max-image-preview:large, max-video-preview:-1\" \/>\n<link rel=\"canonical\" href=\"http:\/\/www.muntdemots.org\/2016\/inauguracio-a-luz-de-gas\/\" \/>\n<meta property=\"og:locale\" content=\"ca_ES\" \/>\n<meta property=\"og:type\" content=\"article\" \/>\n<meta property=\"og:title\" content=\"INAUGURACI\u00d3 - Munt de Mots 2015 a la Sala Luz de gas\" \/>\n<meta property=\"og:description\" content=\"Acte d\u2019inauguraci\u00f3 del VI Festival de Narraci\u00f3 Oral de Barcelona, Munt de Mots 2015, amb la participaci\u00f3 de Pablo Albo, Boni Ofogo, Paula Carballeira, Arnau Vilardeb\u00f2, Alex\u00e1nder Hern\u00e1ndez, Albert Estengre, 3LiosTr\u00edo, Mat\u00edas T\u00e1rraga, Anolis Annelore, Ana Herreros, Vivim del Cuentu.\" \/>\n<meta property=\"og:url\" content=\"http:\/\/www.muntdemots.org\/2016\/inauguracio-a-luz-de-gas\/\" \/>\n<meta property=\"og:site_name\" content=\"Munt de Mots\" \/>\n<meta property=\"article:publisher\" content=\"https:\/\/www.facebook.com\/FestivalMuntdeMots\" \/>\n<meta property=\"article:published_time\" content=\"2015-07-31T00:01:52+00:00\" \/>\n<meta property=\"article:modified_time\" content=\"2016-10-15T23:45:23+00:00\" \/>\n<meta property=\"og:image\" content=\"http:\/\/www.muntdemots.org\/2016\/wp-content\/uploads\/2015\/07\/cat.jpg\" \/>\n\t<meta property=\"og:image:width\" content=\"1024\" \/>\n\t<meta property=\"og:image:height\" content=\"768\" \/>\n\t<meta property=\"og:image:type\" content=\"image\/jpeg\" \/>\n<meta name=\"author\" content=\"Administrador\" \/>\n<meta name=\"twitter:card\" content=\"summary_large_image\" \/>\n<meta name=\"twitter:title\" content=\"INAUGURACI\u00d3 - Munt de Mots 2015 a la Sala Luz de gas\" \/>\n<meta name=\"twitter:description\" content=\"Acte d\u2019inauguraci\u00f3 del VI Festival de Narraci\u00f3 Oral de Barcelona, Munt de Mots 2015, amb la participaci\u00f3 de Pablo Albo, Boni Ofogo, Paula Carballeira, Arnau Vilardeb\u00f2, Alex\u00e1nder Hern\u00e1ndez, Albert Estengre, 3LiosTr\u00edo, Mat\u00edas T\u00e1rraga, Anolis Annelore, Ana Herreros, Vivim del Cuentu.\" \/>\n<meta name=\"twitter:creator\" content=\"@muntdemots\" \/>\n<meta name=\"twitter:site\" content=\"@muntdemots\" \/>\n<meta name=\"twitter:label1\" content=\"Escrit per\" \/>\n\t<meta name=\"twitter:data1\" content=\"Administrador\" \/>\n<script type=\"application\/ld+json\" class=\"yoast-schema-graph\">{\"@context\":\"https:\/\/schema.org\",\"@graph\":[{\"@type\":\"WebPage\",\"@id\":\"http:\/\/www.muntdemots.org\/2016\/inauguracio-a-luz-de-gas\/\",\"url\":\"http:\/\/www.muntdemots.org\/2016\/inauguracio-a-luz-de-gas\/\",\"name\":\"Inauguraci\u00f3 a Centre Artes\u00e0 Tradicion\u00e0rius - Munt de Mots\",\"isPartOf\":{\"@id\":\"https:\/\/www.muntdemots.org\/2016\/#website\"},\"datePublished\":\"2015-07-31T00:01:52+00:00\",\"dateModified\":\"2016-10-15T23:45:23+00:00\",\"author\":{\"@id\":\"https:\/\/www.muntdemots.org\/2016\/#\/schema\/person\/044f266ada0bbfef322c898b60c664eb\"},\"description\":\"inauguraci\u00f3\",\"breadcrumb\":{\"@id\":\"http:\/\/www.muntdemots.org\/2016\/inauguracio-a-luz-de-gas\/#breadcrumb\"},\"inLanguage\":\"ca\",\"potentialAction\":[{\"@type\":\"ReadAction\",\"target\":[\"http:\/\/www.muntdemots.org\/2016\/inauguracio-a-luz-de-gas\/\"]}]},{\"@type\":\"BreadcrumbList\",\"@id\":\"http:\/\/www.muntdemots.org\/2016\/inauguracio-a-luz-de-gas\/#breadcrumb\",\"itemListElement\":[{\"@type\":\"ListItem\",\"position\":1,\"name\":\"Inici\",\"item\":\"https:\/\/www.muntdemots.org\/2016\/\"},{\"@type\":\"ListItem\",\"position\":2,\"name\":\"Inauguraci\u00f3 a Centre Artes\u00e0 Tradicion\u00e0rius\"}]},{\"@type\":\"WebSite\",\"@id\":\"https:\/\/www.muntdemots.org\/2016\/#website\",\"url\":\"https:\/\/www.muntdemots.org\/2016\/\",\"name\":\"Munt de Mots\",\"description\":\"\",\"potentialAction\":[{\"@type\":\"SearchAction\",\"target\":{\"@type\":\"EntryPoint\",\"urlTemplate\":\"https:\/\/www.muntdemots.org\/2016\/?s={search_term_string}\"},\"query-input\":\"required name=search_term_string\"}],\"inLanguage\":\"ca\"},{\"@type\":\"Person\",\"@id\":\"https:\/\/www.muntdemots.org\/2016\/#\/schema\/person\/044f266ada0bbfef322c898b60c664eb\",\"name\":\"Administrador\",\"image\":{\"@type\":\"ImageObject\",\"inLanguage\":\"ca\",\"@id\":\"https:\/\/www.muntdemots.org\/2016\/#\/schema\/person\/image\/\",\"url\":\"http:\/\/2.gravatar.com\/avatar\/5e606b92edeab8bde9bff51a218d5ea9?s=96&d=mm&r=g\",\"contentUrl\":\"http:\/\/2.gravatar.com\/avatar\/5e606b92edeab8bde9bff51a218d5ea9?s=96&d=mm&r=g\",\"caption\":\"Administrador\"},\"url\":\"http:\/\/www.muntdemots.org\/2016\/author\/admin\/\"}]}<\/script>\n<!-- \/ Yoast SEO plugin. -->","yoast_head_json":{"title":"Inauguraci\u00f3 a Centre Artes\u00e0 Tradicion\u00e0rius - Munt de Mots","description":"inauguraci\u00f3","robots":{"index":"index","follow":"follow","max-snippet":"max-snippet:-1","max-image-preview":"max-image-preview:large","max-video-preview":"max-video-preview:-1"},"canonical":"http:\/\/www.muntdemots.org\/2016\/inauguracio-a-luz-de-gas\/","og_locale":"ca_ES","og_type":"article","og_title":"INAUGURACI\u00d3 - Munt de Mots 2015 a la Sala Luz de gas","og_description":"Acte d\u2019inauguraci\u00f3 del VI Festival de Narraci\u00f3 Oral de Barcelona, Munt de Mots 2015, amb la participaci\u00f3 de Pablo Albo, Boni Ofogo, Paula Carballeira, Arnau Vilardeb\u00f2, Alex\u00e1nder Hern\u00e1ndez, Albert Estengre, 3LiosTr\u00edo, Mat\u00edas T\u00e1rraga, Anolis Annelore, Ana Herreros, Vivim del Cuentu.","og_url":"http:\/\/www.muntdemots.org\/2016\/inauguracio-a-luz-de-gas\/","og_site_name":"Munt de Mots","article_publisher":"https:\/\/www.facebook.com\/FestivalMuntdeMots","article_published_time":"2015-07-31T00:01:52+00:00","article_modified_time":"2016-10-15T23:45:23+00:00","og_image":[{"width":1024,"height":768,"url":"http:\/\/www.muntdemots.org\/2016\/wp-content\/uploads\/2015\/07\/cat.jpg","type":"image\/jpeg"}],"author":"Administrador","twitter_card":"summary_large_image","twitter_title":"INAUGURACI\u00d3 - Munt de Mots 2015 a la Sala Luz de gas","twitter_description":"Acte d\u2019inauguraci\u00f3 del VI Festival de Narraci\u00f3 Oral de Barcelona, Munt de Mots 2015, amb la participaci\u00f3 de Pablo Albo, Boni Ofogo, Paula Carballeira, Arnau Vilardeb\u00f2, Alex\u00e1nder Hern\u00e1ndez, Albert Estengre, 3LiosTr\u00edo, Mat\u00edas T\u00e1rraga, Anolis Annelore, Ana Herreros, Vivim del Cuentu.","twitter_creator":"@muntdemots","twitter_site":"@muntdemots","twitter_misc":{"Escrit per":"Administrador"},"schema":{"@context":"https:\/\/schema.org","@graph":[{"@type":"WebPage","@id":"http:\/\/www.muntdemots.org\/2016\/inauguracio-a-luz-de-gas\/","url":"http:\/\/www.muntdemots.org\/2016\/inauguracio-a-luz-de-gas\/","name":"Inauguraci\u00f3 a Centre Artes\u00e0 Tradicion\u00e0rius - Munt de Mots","isPartOf":{"@id":"https:\/\/www.muntdemots.org\/2016\/#website"},"datePublished":"2015-07-31T00:01:52+00:00","dateModified":"2016-10-15T23:45:23+00:00","author":{"@id":"https:\/\/www.muntdemots.org\/2016\/#\/schema\/person\/044f266ada0bbfef322c898b60c664eb"},"description":"inauguraci\u00f3","breadcrumb":{"@id":"http:\/\/www.muntdemots.org\/2016\/inauguracio-a-luz-de-gas\/#breadcrumb"},"inLanguage":"ca","potentialAction":[{"@type":"ReadAction","target":["http:\/\/www.muntdemots.org\/2016\/inauguracio-a-luz-de-gas\/"]}]},{"@type":"BreadcrumbList","@id":"http:\/\/www.muntdemots.org\/2016\/inauguracio-a-luz-de-gas\/#breadcrumb","itemListElement":[{"@type":"ListItem","position":1,"name":"Inici","item":"https:\/\/www.muntdemots.org\/2016\/"},{"@type":"ListItem","position":2,"name":"Inauguraci\u00f3 a Centre Artes\u00e0 Tradicion\u00e0rius"}]},{"@type":"WebSite","@id":"https:\/\/www.muntdemots.org\/2016\/#website","url":"https:\/\/www.muntdemots.org\/2016\/","name":"Munt de Mots","description":"","potentialAction":[{"@type":"SearchAction","target":{"@type":"EntryPoint","urlTemplate":"https:\/\/www.muntdemots.org\/2016\/?s={search_term_string}"},"query-input":"required name=search_term_string"}],"inLanguage":"ca"},{"@type":"Person","@id":"https:\/\/www.muntdemots.org\/2016\/#\/schema\/person\/044f266ada0bbfef322c898b60c664eb","name":"Administrador","image":{"@type":"ImageObject","inLanguage":"ca","@id":"https:\/\/www.muntdemots.org\/2016\/#\/schema\/person\/image\/","url":"http:\/\/2.gravatar.com\/avatar\/5e606b92edeab8bde9bff51a218d5ea9?s=96&d=mm&r=g","contentUrl":"http:\/\/2.gravatar.com\/avatar\/5e606b92edeab8bde9bff51a218d5ea9?s=96&d=mm&r=g","caption":"Administrador"},"url":"http:\/\/www.muntdemots.org\/2016\/author\/admin\/"}]}},"_links":{"self":[{"href":"http:\/\/www.muntdemots.org\/2016\/wp-json\/wp\/v2\/posts\/7012"}],"collection":[{"href":"http:\/\/www.muntdemots.org\/2016\/wp-json\/wp\/v2\/posts"}],"about":[{"href":"http:\/\/www.muntdemots.org\/2016\/wp-json\/wp\/v2\/types\/post"}],"author":[{"embeddable":true,"href":"http:\/\/www.muntdemots.org\/2016\/wp-json\/wp\/v2\/users\/1"}],"replies":[{"embeddable":true,"href":"http:\/\/www.muntdemots.org\/2016\/wp-json\/wp\/v2\/comments?post=7012"}],"version-history":[{"count":25,"href":"http:\/\/www.muntdemots.org\/2016\/wp-json\/wp\/v2\/posts\/7012\/revisions"}],"predecessor-version":[{"id":8542,"href":"http:\/\/www.muntdemots.org\/2016\/wp-json\/wp\/v2\/posts\/7012\/revisions\/8542"}],"wp:featuredmedia":[{"embeddable":true,"href":"http:\/\/www.muntdemots.org\/2016\/wp-json\/wp\/v2\/media\/8275"}],"wp:attachment":[{"href":"http:\/\/www.muntdemots.org\/2016\/wp-json\/wp\/v2\/media?parent=7012"}],"wp:term":[{"taxonomy":"category","embeddable":true,"href":"http:\/\/www.muntdemots.org\/2016\/wp-json\/wp\/v2\/categories?post=7012"},{"taxonomy":"post_tag","embeddable":true,"href":"http:\/\/www.muntdemots.org\/2016\/wp-json\/wp\/v2\/tags?post=7012"}],"curies":[{"name":"wp","href":"https:\/\/api.w.org\/{rel}","templated":true}]}}