{"id":8215,"date":"2015-10-23T10:31:00","date_gmt":"2015-10-23T10:31:00","guid":{"rendered":"http:\/\/www.muntdemots.org\/2015\/?p=8215"},"modified":"2015-10-23T10:31:00","modified_gmt":"2015-10-23T10:31:00","slug":"un-mati-de-contes-a-lhospital-clinic","status":"publish","type":"post","link":"http:\/\/www.muntdemots.org\/2015\/un-mati-de-contes-a-lhospital-clinic\/","title":{"rendered":"Un mat\u00ed de contes a l&#8217;Hospital Cl\u00ednic"},"content":{"rendered":"<p>Aquest mat\u00ed mentre els nois i noies ingressats a la nostra Sala de Psiquiatria esmorzaven al menjador, els hi he parlat del Festival de Narraci\u00f3 Oral Munt de Mots i els hi he anunciat que ten\u00edem la gran sort de que de ben segur en Rub\u00e9n Mart\u00ednez ja estava de cam\u00ed per visitar-nos i explicar-nos uns quants contes.<\/p>\n<p>En un principi els hi ha semblat b\u00e9, per\u00f2 he pogut observar algunes mirades expectants i un xic desconfiades del resultat de l&#8217;activitat. La paraula conte sempre l&#8217;associen a nens i nenes petits, i ells ja han superat aquesta etapa, s\u00f3n adolescents.<\/p>\n<p>A un quart d&#8217;onze ja estaven tot preparats esperant el comen\u00e7ament de l&#8217;actuaci\u00f3. Els hi he presentat al narrador i els he deixa&#8217;t en les seves mans.<\/p>\n<p>Ha estat fant\u00e0stic veure com en Rub\u00e9n els ha captivat i els ha fet sentir part de l&#8217;espectacle. En tot moment ha estat pendent de cadascun dels pacients i ha aconseguit anar-los afegint un a un dins el m\u00f3n m\u00e0gic dels contes, aconseguint fer-los oblidar durant una bona estona,les seves pors, els seus neguits i la seva estada dins un hospital.<\/p>\n<p>Els nois i noies s&#8217;han relaxat, els uns somreien, uns altres que en un principi estaven cap cots anaven aixecant el cap, a d&#8217;altres se&#8217;ls il\u00b7luminava la cara , els que anaven participant es sentien valorats,&#8230;<\/p>\n<p>Un cop en Rub\u00e9n ha marxat i hem retornat a la rutina di\u00e0ria he anat parlant amb els nois i noies i recollint la valoraci\u00f3 que en feien i la seva opini\u00f3 de l&#8217;activitat i del narrador. Us deixo un recull de les seves respostes i comentaris:<\/p>\n<p>S&#8217;explicava molt b\u00e9, tenia l&#8217;art de saber expressar-se, era molt carism\u00e0tic, estaba mucho por el p\u00fablico, transmit\u00eda energia positiva, entretiene y sube el animo, explicava contes variats perqu\u00e8 ning\u00fa s&#8217;avorreixi, m&#8217;ha fet riure molt, eren contes amb un punt de gr\u00e0cia i ast\u00facia, era muy gracioso, da muy bien los mensajes,&#8230;<\/p>\n<p>Nom\u00e9s afegir que no hi ha hagut cap valoraci\u00f3 negativa.<\/p>\n<p>&nbsp;<\/p>\n<p>Aula Hospital\u00e0ria \u201cPepa Puig\u201d<br \/>\nHospital Cl\u00ednic a 22 d&#8217;octubre de 2015<\/p>\n","protected":false},"excerpt":{"rendered":"<p>Cr\u00f2nica d&#8217;Isabel Camprodon sobre la sessi\u00f3 de contes que en Rub\u00e9n Mart\u00ednez va fer a l&#8217;Hospital Cl\u00ednic en motiu del Munt de Mots 2015<\/p>\n","protected":false},"author":1,"featured_media":8216,"comment_status":"open","ping_status":"open","sticky":false,"template":"","format":"standard","meta":{"_mi_skip_tracking":false},"categories":[1],"tags":[],"yoast_head":"<!-- This site is optimized with the Yoast SEO plugin v20.5 - https:\/\/yoast.com\/wordpress\/plugins\/seo\/ -->\n<title>Un mat\u00ed de contes a l&#039;Hospital Cl\u00ednic - Munt de Mots<\/title>\n<meta name=\"description\" content=\"Cr\u00f2nica d&#039;Isabel Camprodon sobre la sessi\u00f3 de contes que en Rub\u00e9n Mart\u00ednez va fer a l&#039;Hospital Cl\u00ednic en motiu del Munt de Mots 2015\" \/>\n<meta name=\"robots\" content=\"index, follow, max-snippet:-1, max-image-preview:large, max-video-preview:-1\" \/>\n<link rel=\"canonical\" href=\"http:\/\/www.muntdemots.org\/2015\/un-mati-de-contes-a-lhospital-clinic\/\" \/>\n<meta property=\"og:locale\" content=\"ca_ES\" \/>\n<meta property=\"og:type\" content=\"article\" \/>\n<meta property=\"og:title\" content=\"Un mat\u00ed de contes a l&#039;Hospital Cl\u00ednic - Munt de Mots\" \/>\n<meta property=\"og:description\" content=\"Cr\u00f2nica d&#039;Isabel Camprodon sobre la sessi\u00f3 de contes que en Rub\u00e9n Mart\u00ednez va fer a l&#039;Hospital Cl\u00ednic en motiu del Munt de Mots 2015\" \/>\n<meta property=\"og:url\" content=\"http:\/\/www.muntdemots.org\/2015\/un-mati-de-contes-a-lhospital-clinic\/\" \/>\n<meta property=\"og:site_name\" content=\"Munt de Mots\" \/>\n<meta property=\"article:publisher\" content=\"https:\/\/www.facebook.com\/FestivalMuntdeMots\" \/>\n<meta property=\"article:published_time\" content=\"2015-10-23T10:31:00+00:00\" \/>\n<meta property=\"og:image\" content=\"http:\/\/www.muntdemots.org\/2015\/wp-content\/uploads\/2015\/10\/rub.jpg\" \/>\n\t<meta property=\"og:image:width\" content=\"718\" \/>\n\t<meta property=\"og:image:height\" content=\"538\" \/>\n\t<meta property=\"og:image:type\" content=\"image\/jpeg\" \/>\n<meta name=\"author\" content=\"Administrador\" \/>\n<meta name=\"twitter:card\" content=\"summary_large_image\" \/>\n<meta name=\"twitter:creator\" content=\"@muntdemots\" \/>\n<meta name=\"twitter:site\" content=\"@muntdemots\" \/>\n<meta name=\"twitter:label1\" content=\"Escrit per\" \/>\n\t<meta name=\"twitter:data1\" content=\"Administrador\" \/>\n\t<meta name=\"twitter:label2\" content=\"Temps estimat de lectura\" \/>\n\t<meta name=\"twitter:data2\" content=\"2 minuts\" \/>\n<script type=\"application\/ld+json\" class=\"yoast-schema-graph\">{\"@context\":\"https:\/\/schema.org\",\"@graph\":[{\"@type\":\"WebPage\",\"@id\":\"http:\/\/www.muntdemots.org\/2015\/un-mati-de-contes-a-lhospital-clinic\/\",\"url\":\"http:\/\/www.muntdemots.org\/2015\/un-mati-de-contes-a-lhospital-clinic\/\",\"name\":\"Un mat\u00ed de contes a l'Hospital Cl\u00ednic - Munt de Mots\",\"isPartOf\":{\"@id\":\"http:\/\/www.muntdemots.org\/2015\/#website\"},\"datePublished\":\"2015-10-23T10:31:00+00:00\",\"dateModified\":\"2015-10-23T10:31:00+00:00\",\"author\":{\"@id\":\"http:\/\/www.muntdemots.org\/2015\/#\/schema\/person\/044f266ada0bbfef322c898b60c664eb\"},\"description\":\"Cr\u00f2nica d'Isabel Camprodon sobre la sessi\u00f3 de contes que en Rub\u00e9n Mart\u00ednez va fer a l'Hospital Cl\u00ednic en motiu del Munt de Mots 2015\",\"breadcrumb\":{\"@id\":\"http:\/\/www.muntdemots.org\/2015\/un-mati-de-contes-a-lhospital-clinic\/#breadcrumb\"},\"inLanguage\":\"ca\",\"potentialAction\":[{\"@type\":\"ReadAction\",\"target\":[\"http:\/\/www.muntdemots.org\/2015\/un-mati-de-contes-a-lhospital-clinic\/\"]}]},{\"@type\":\"BreadcrumbList\",\"@id\":\"http:\/\/www.muntdemots.org\/2015\/un-mati-de-contes-a-lhospital-clinic\/#breadcrumb\",\"itemListElement\":[{\"@type\":\"ListItem\",\"position\":1,\"name\":\"Inici\",\"item\":\"http:\/\/www.muntdemots.org\/2015\/\"},{\"@type\":\"ListItem\",\"position\":2,\"name\":\"Un mat\u00ed de contes a l&#8217;Hospital Cl\u00ednic\"}]},{\"@type\":\"WebSite\",\"@id\":\"http:\/\/www.muntdemots.org\/2015\/#website\",\"url\":\"http:\/\/www.muntdemots.org\/2015\/\",\"name\":\"Munt de Mots\",\"description\":\"\",\"potentialAction\":[{\"@type\":\"SearchAction\",\"target\":{\"@type\":\"EntryPoint\",\"urlTemplate\":\"http:\/\/www.muntdemots.org\/2015\/?s={search_term_string}\"},\"query-input\":\"required name=search_term_string\"}],\"inLanguage\":\"ca\"},{\"@type\":\"Person\",\"@id\":\"http:\/\/www.muntdemots.org\/2015\/#\/schema\/person\/044f266ada0bbfef322c898b60c664eb\",\"name\":\"Administrador\",\"image\":{\"@type\":\"ImageObject\",\"inLanguage\":\"ca\",\"@id\":\"http:\/\/www.muntdemots.org\/2015\/#\/schema\/person\/image\/\",\"url\":\"http:\/\/2.gravatar.com\/avatar\/5e606b92edeab8bde9bff51a218d5ea9?s=96&d=mm&r=g\",\"contentUrl\":\"http:\/\/2.gravatar.com\/avatar\/5e606b92edeab8bde9bff51a218d5ea9?s=96&d=mm&r=g\",\"caption\":\"Administrador\"},\"url\":\"http:\/\/www.muntdemots.org\/2015\/author\/admin\/\"}]}<\/script>\n<!-- \/ Yoast SEO plugin. -->","yoast_head_json":{"title":"Un mat\u00ed de contes a l'Hospital Cl\u00ednic - Munt de Mots","description":"Cr\u00f2nica d'Isabel Camprodon sobre la sessi\u00f3 de contes que en Rub\u00e9n Mart\u00ednez va fer a l'Hospital Cl\u00ednic en motiu del Munt de Mots 2015","robots":{"index":"index","follow":"follow","max-snippet":"max-snippet:-1","max-image-preview":"max-image-preview:large","max-video-preview":"max-video-preview:-1"},"canonical":"http:\/\/www.muntdemots.org\/2015\/un-mati-de-contes-a-lhospital-clinic\/","og_locale":"ca_ES","og_type":"article","og_title":"Un mat\u00ed de contes a l'Hospital Cl\u00ednic - Munt de Mots","og_description":"Cr\u00f2nica d'Isabel Camprodon sobre la sessi\u00f3 de contes que en Rub\u00e9n Mart\u00ednez va fer a l'Hospital Cl\u00ednic en motiu del Munt de Mots 2015","og_url":"http:\/\/www.muntdemots.org\/2015\/un-mati-de-contes-a-lhospital-clinic\/","og_site_name":"Munt de Mots","article_publisher":"https:\/\/www.facebook.com\/FestivalMuntdeMots","article_published_time":"2015-10-23T10:31:00+00:00","og_image":[{"width":718,"height":538,"url":"http:\/\/www.muntdemots.org\/2015\/wp-content\/uploads\/2015\/10\/rub.jpg","type":"image\/jpeg"}],"author":"Administrador","twitter_card":"summary_large_image","twitter_creator":"@muntdemots","twitter_site":"@muntdemots","twitter_misc":{"Escrit per":"Administrador","Temps estimat de lectura":"2 minuts"},"schema":{"@context":"https:\/\/schema.org","@graph":[{"@type":"WebPage","@id":"http:\/\/www.muntdemots.org\/2015\/un-mati-de-contes-a-lhospital-clinic\/","url":"http:\/\/www.muntdemots.org\/2015\/un-mati-de-contes-a-lhospital-clinic\/","name":"Un mat\u00ed de contes a l'Hospital Cl\u00ednic - Munt de Mots","isPartOf":{"@id":"http:\/\/www.muntdemots.org\/2015\/#website"},"datePublished":"2015-10-23T10:31:00+00:00","dateModified":"2015-10-23T10:31:00+00:00","author":{"@id":"http:\/\/www.muntdemots.org\/2015\/#\/schema\/person\/044f266ada0bbfef322c898b60c664eb"},"description":"Cr\u00f2nica d'Isabel Camprodon sobre la sessi\u00f3 de contes que en Rub\u00e9n Mart\u00ednez va fer a l'Hospital Cl\u00ednic en motiu del Munt de Mots 2015","breadcrumb":{"@id":"http:\/\/www.muntdemots.org\/2015\/un-mati-de-contes-a-lhospital-clinic\/#breadcrumb"},"inLanguage":"ca","potentialAction":[{"@type":"ReadAction","target":["http:\/\/www.muntdemots.org\/2015\/un-mati-de-contes-a-lhospital-clinic\/"]}]},{"@type":"BreadcrumbList","@id":"http:\/\/www.muntdemots.org\/2015\/un-mati-de-contes-a-lhospital-clinic\/#breadcrumb","itemListElement":[{"@type":"ListItem","position":1,"name":"Inici","item":"http:\/\/www.muntdemots.org\/2015\/"},{"@type":"ListItem","position":2,"name":"Un mat\u00ed de contes a l&#8217;Hospital Cl\u00ednic"}]},{"@type":"WebSite","@id":"http:\/\/www.muntdemots.org\/2015\/#website","url":"http:\/\/www.muntdemots.org\/2015\/","name":"Munt de Mots","description":"","potentialAction":[{"@type":"SearchAction","target":{"@type":"EntryPoint","urlTemplate":"http:\/\/www.muntdemots.org\/2015\/?s={search_term_string}"},"query-input":"required name=search_term_string"}],"inLanguage":"ca"},{"@type":"Person","@id":"http:\/\/www.muntdemots.org\/2015\/#\/schema\/person\/044f266ada0bbfef322c898b60c664eb","name":"Administrador","image":{"@type":"ImageObject","inLanguage":"ca","@id":"http:\/\/www.muntdemots.org\/2015\/#\/schema\/person\/image\/","url":"http:\/\/2.gravatar.com\/avatar\/5e606b92edeab8bde9bff51a218d5ea9?s=96&d=mm&r=g","contentUrl":"http:\/\/2.gravatar.com\/avatar\/5e606b92edeab8bde9bff51a218d5ea9?s=96&d=mm&r=g","caption":"Administrador"},"url":"http:\/\/www.muntdemots.org\/2015\/author\/admin\/"}]}},"_links":{"self":[{"href":"http:\/\/www.muntdemots.org\/2015\/wp-json\/wp\/v2\/posts\/8215"}],"collection":[{"href":"http:\/\/www.muntdemots.org\/2015\/wp-json\/wp\/v2\/posts"}],"about":[{"href":"http:\/\/www.muntdemots.org\/2015\/wp-json\/wp\/v2\/types\/post"}],"author":[{"embeddable":true,"href":"http:\/\/www.muntdemots.org\/2015\/wp-json\/wp\/v2\/users\/1"}],"replies":[{"embeddable":true,"href":"http:\/\/www.muntdemots.org\/2015\/wp-json\/wp\/v2\/comments?post=8215"}],"version-history":[{"count":1,"href":"http:\/\/www.muntdemots.org\/2015\/wp-json\/wp\/v2\/posts\/8215\/revisions"}],"predecessor-version":[{"id":8217,"href":"http:\/\/www.muntdemots.org\/2015\/wp-json\/wp\/v2\/posts\/8215\/revisions\/8217"}],"wp:featuredmedia":[{"embeddable":true,"href":"http:\/\/www.muntdemots.org\/2015\/wp-json\/wp\/v2\/media\/8216"}],"wp:attachment":[{"href":"http:\/\/www.muntdemots.org\/2015\/wp-json\/wp\/v2\/media?parent=8215"}],"wp:term":[{"taxonomy":"category","embeddable":true,"href":"http:\/\/www.muntdemots.org\/2015\/wp-json\/wp\/v2\/categories?post=8215"},{"taxonomy":"post_tag","embeddable":true,"href":"http:\/\/www.muntdemots.org\/2015\/wp-json\/wp\/v2\/tags?post=8215"}],"curies":[{"name":"wp","href":"https:\/\/api.w.org\/{rel}","templated":true}]}}