{"id":8188,"date":"2015-10-20T22:42:14","date_gmt":"2015-10-20T22:42:14","guid":{"rendered":"http:\/\/www.muntdemots.org\/2015\/?p=8188"},"modified":"2015-10-20T22:42:14","modified_gmt":"2015-10-20T22:42:14","slug":"tocar-el-cel-per-sorpresa","status":"publish","type":"post","link":"http:\/\/www.muntdemots.org\/2015\/tocar-el-cel-per-sorpresa\/","title":{"rendered":"Tocar el cel per sorpresa"},"content":{"rendered":"<p>Tot i que oficialment el Festival de Narraci\u00f3 Oral, Munt de Mots, comen\u00e7a dem\u00e0 dilluns amb la inauguraci\u00f3 a la Sala Luz de Gas a les 20 h, ahir dissabte, els mecenes que van col\u00b7laborar en el verkami amb la recompensa de l\u2019\u201despectacle sorpresa\u201d es van endur la gran sorpresa d\u2019assaborir, amb tots els sentits que el cos \u00e9s capa\u00e7 de fabricar, la gr\u00e0cia i la genialitat de la gran Merche Ochoa, que l\u2019any passat va ser guardonada amb el premi Nacional de Circ.<\/p>\n<p>L\u2019acte va comen\u00e7ar a l\u2019hora prevista, amb una sala d\u2019actes del Centre C\u00edvic Pati Llimona plena d\u2019orelles expectants entre els mecenes, m\u00e9s alguns amics del Festival. Els llums de l\u2019escenari, van donar pas al director, en Rub\u00e9n Mart\u00ednez, que anunciava la lamentable not\u00edcia que la Merche Ochoa no havia pogut venir al seu propi espectacle i que la substituiria la seva cosina, la Cloe.<\/p>\n<p>I la Cloe es va posar el p\u00fablic a la butxaca des del mateix instant que va apar\u00e8ixer. I \u00e9s que la vis c\u00f2mica de la Merche Ochoa \u00e9s tan potent que amb la seva sola pres\u00e8ncia, sense necessitat de dir ni un mot, \u00e9s capa\u00e7 de deixar-nos instal\u00b7lat el riure per a tota l\u2019estona.<\/p>\n<p>Entremig de rialla i rialla, per\u00f2, totes les persones assistents van poder seguir el fil de la hist\u00f2ria de l\u2019espectacle que ara combinava la narraci\u00f3 oral, ara el cabaret o ara els gags m\u00e9s enginyosos, ingenus i divertits del millor clown. I \u00e9s que nom\u00e9s una artista de cap a peus com \u00e9s ella, \u00e9s capa\u00e7 de combinar aquests tres llenguatges i deixar-nos a tots plens d\u2019alegria.<\/p>\n<p>Un immillorable tret de sortida per a un Festival que augura una l\u00ednia ascendent m\u00e9s enll\u00e0 del cel.<\/p>\n<p>&nbsp;<\/p>\n<p>Al\u00edcia Molina<\/p>\n","protected":false},"excerpt":{"rendered":"<p>Cr\u00f2nica d&#8217;Al\u00edcia Molina de l&#8217;espectacle sorpresa que va oferir Merche Ochoa als mecenes del Munt de Mots 2015.<\/p>\n","protected":false},"author":1,"featured_media":8189,"comment_status":"open","ping_status":"open","sticky":false,"template":"","format":"standard","meta":{"_mi_skip_tracking":false},"categories":[1],"tags":[],"yoast_head":"<!-- This site is optimized with the Yoast SEO plugin v20.5 - https:\/\/yoast.com\/wordpress\/plugins\/seo\/ -->\n<title>Tocar el cel per sorpresa - Munt de Mots<\/title>\n<meta name=\"description\" content=\"Cr\u00f2nica d&#039;Al\u00edcia Molina de l&#039;espectacle sorpresa que va oferir Merche Ochoa als mecenes del Munt de Mots 2015.\" \/>\n<meta name=\"robots\" content=\"index, follow, max-snippet:-1, max-image-preview:large, max-video-preview:-1\" \/>\n<link rel=\"canonical\" href=\"http:\/\/www.muntdemots.org\/2015\/tocar-el-cel-per-sorpresa\/\" \/>\n<meta property=\"og:locale\" content=\"ca_ES\" \/>\n<meta property=\"og:type\" content=\"article\" \/>\n<meta property=\"og:title\" content=\"Tocar el cel per sorpresa - Munt de Mots\" \/>\n<meta property=\"og:description\" content=\"Cr\u00f2nica d&#039;Al\u00edcia Molina de l&#039;espectacle sorpresa que va oferir Merche Ochoa als mecenes del Munt de Mots 2015.\" \/>\n<meta property=\"og:url\" content=\"http:\/\/www.muntdemots.org\/2015\/tocar-el-cel-per-sorpresa\/\" \/>\n<meta property=\"og:site_name\" content=\"Munt de Mots\" \/>\n<meta property=\"article:publisher\" content=\"https:\/\/www.facebook.com\/FestivalMuntdeMots\" \/>\n<meta property=\"article:published_time\" content=\"2015-10-20T22:42:14+00:00\" \/>\n<meta property=\"og:image\" content=\"http:\/\/www.muntdemots.org\/2015\/wp-content\/uploads\/2015\/10\/22266154422_25830006f2_m.jpg\" \/>\n\t<meta property=\"og:image:width\" content=\"240\" \/>\n\t<meta property=\"og:image:height\" content=\"159\" \/>\n\t<meta property=\"og:image:type\" content=\"image\/jpeg\" \/>\n<meta name=\"author\" content=\"Administrador\" \/>\n<meta name=\"twitter:card\" content=\"summary_large_image\" \/>\n<meta name=\"twitter:creator\" content=\"@muntdemots\" \/>\n<meta name=\"twitter:site\" content=\"@muntdemots\" \/>\n<meta name=\"twitter:label1\" content=\"Escrit per\" \/>\n\t<meta name=\"twitter:data1\" content=\"Administrador\" \/>\n\t<meta name=\"twitter:label2\" content=\"Temps estimat de lectura\" \/>\n\t<meta name=\"twitter:data2\" content=\"2 minuts\" \/>\n<script type=\"application\/ld+json\" class=\"yoast-schema-graph\">{\"@context\":\"https:\/\/schema.org\",\"@graph\":[{\"@type\":\"WebPage\",\"@id\":\"http:\/\/www.muntdemots.org\/2015\/tocar-el-cel-per-sorpresa\/\",\"url\":\"http:\/\/www.muntdemots.org\/2015\/tocar-el-cel-per-sorpresa\/\",\"name\":\"Tocar el cel per sorpresa - Munt de Mots\",\"isPartOf\":{\"@id\":\"http:\/\/www.muntdemots.org\/2015\/#website\"},\"datePublished\":\"2015-10-20T22:42:14+00:00\",\"dateModified\":\"2015-10-20T22:42:14+00:00\",\"author\":{\"@id\":\"http:\/\/www.muntdemots.org\/2015\/#\/schema\/person\/044f266ada0bbfef322c898b60c664eb\"},\"description\":\"Cr\u00f2nica d'Al\u00edcia Molina de l'espectacle sorpresa que va oferir Merche Ochoa als mecenes del Munt de Mots 2015.\",\"breadcrumb\":{\"@id\":\"http:\/\/www.muntdemots.org\/2015\/tocar-el-cel-per-sorpresa\/#breadcrumb\"},\"inLanguage\":\"ca\",\"potentialAction\":[{\"@type\":\"ReadAction\",\"target\":[\"http:\/\/www.muntdemots.org\/2015\/tocar-el-cel-per-sorpresa\/\"]}]},{\"@type\":\"BreadcrumbList\",\"@id\":\"http:\/\/www.muntdemots.org\/2015\/tocar-el-cel-per-sorpresa\/#breadcrumb\",\"itemListElement\":[{\"@type\":\"ListItem\",\"position\":1,\"name\":\"Inici\",\"item\":\"http:\/\/www.muntdemots.org\/2015\/\"},{\"@type\":\"ListItem\",\"position\":2,\"name\":\"Tocar el cel per sorpresa\"}]},{\"@type\":\"WebSite\",\"@id\":\"http:\/\/www.muntdemots.org\/2015\/#website\",\"url\":\"http:\/\/www.muntdemots.org\/2015\/\",\"name\":\"Munt de Mots\",\"description\":\"\",\"potentialAction\":[{\"@type\":\"SearchAction\",\"target\":{\"@type\":\"EntryPoint\",\"urlTemplate\":\"http:\/\/www.muntdemots.org\/2015\/?s={search_term_string}\"},\"query-input\":\"required name=search_term_string\"}],\"inLanguage\":\"ca\"},{\"@type\":\"Person\",\"@id\":\"http:\/\/www.muntdemots.org\/2015\/#\/schema\/person\/044f266ada0bbfef322c898b60c664eb\",\"name\":\"Administrador\",\"image\":{\"@type\":\"ImageObject\",\"inLanguage\":\"ca\",\"@id\":\"http:\/\/www.muntdemots.org\/2015\/#\/schema\/person\/image\/\",\"url\":\"http:\/\/2.gravatar.com\/avatar\/5e606b92edeab8bde9bff51a218d5ea9?s=96&d=mm&r=g\",\"contentUrl\":\"http:\/\/2.gravatar.com\/avatar\/5e606b92edeab8bde9bff51a218d5ea9?s=96&d=mm&r=g\",\"caption\":\"Administrador\"},\"url\":\"http:\/\/www.muntdemots.org\/2015\/author\/admin\/\"}]}<\/script>\n<!-- \/ Yoast SEO plugin. -->","yoast_head_json":{"title":"Tocar el cel per sorpresa - Munt de Mots","description":"Cr\u00f2nica d'Al\u00edcia Molina de l'espectacle sorpresa que va oferir Merche Ochoa als mecenes del Munt de Mots 2015.","robots":{"index":"index","follow":"follow","max-snippet":"max-snippet:-1","max-image-preview":"max-image-preview:large","max-video-preview":"max-video-preview:-1"},"canonical":"http:\/\/www.muntdemots.org\/2015\/tocar-el-cel-per-sorpresa\/","og_locale":"ca_ES","og_type":"article","og_title":"Tocar el cel per sorpresa - Munt de Mots","og_description":"Cr\u00f2nica d'Al\u00edcia Molina de l'espectacle sorpresa que va oferir Merche Ochoa als mecenes del Munt de Mots 2015.","og_url":"http:\/\/www.muntdemots.org\/2015\/tocar-el-cel-per-sorpresa\/","og_site_name":"Munt de Mots","article_publisher":"https:\/\/www.facebook.com\/FestivalMuntdeMots","article_published_time":"2015-10-20T22:42:14+00:00","og_image":[{"width":240,"height":159,"url":"http:\/\/www.muntdemots.org\/2015\/wp-content\/uploads\/2015\/10\/22266154422_25830006f2_m.jpg","type":"image\/jpeg"}],"author":"Administrador","twitter_card":"summary_large_image","twitter_creator":"@muntdemots","twitter_site":"@muntdemots","twitter_misc":{"Escrit per":"Administrador","Temps estimat de lectura":"2 minuts"},"schema":{"@context":"https:\/\/schema.org","@graph":[{"@type":"WebPage","@id":"http:\/\/www.muntdemots.org\/2015\/tocar-el-cel-per-sorpresa\/","url":"http:\/\/www.muntdemots.org\/2015\/tocar-el-cel-per-sorpresa\/","name":"Tocar el cel per sorpresa - Munt de Mots","isPartOf":{"@id":"http:\/\/www.muntdemots.org\/2015\/#website"},"datePublished":"2015-10-20T22:42:14+00:00","dateModified":"2015-10-20T22:42:14+00:00","author":{"@id":"http:\/\/www.muntdemots.org\/2015\/#\/schema\/person\/044f266ada0bbfef322c898b60c664eb"},"description":"Cr\u00f2nica d'Al\u00edcia Molina de l'espectacle sorpresa que va oferir Merche Ochoa als mecenes del Munt de Mots 2015.","breadcrumb":{"@id":"http:\/\/www.muntdemots.org\/2015\/tocar-el-cel-per-sorpresa\/#breadcrumb"},"inLanguage":"ca","potentialAction":[{"@type":"ReadAction","target":["http:\/\/www.muntdemots.org\/2015\/tocar-el-cel-per-sorpresa\/"]}]},{"@type":"BreadcrumbList","@id":"http:\/\/www.muntdemots.org\/2015\/tocar-el-cel-per-sorpresa\/#breadcrumb","itemListElement":[{"@type":"ListItem","position":1,"name":"Inici","item":"http:\/\/www.muntdemots.org\/2015\/"},{"@type":"ListItem","position":2,"name":"Tocar el cel per sorpresa"}]},{"@type":"WebSite","@id":"http:\/\/www.muntdemots.org\/2015\/#website","url":"http:\/\/www.muntdemots.org\/2015\/","name":"Munt de Mots","description":"","potentialAction":[{"@type":"SearchAction","target":{"@type":"EntryPoint","urlTemplate":"http:\/\/www.muntdemots.org\/2015\/?s={search_term_string}"},"query-input":"required name=search_term_string"}],"inLanguage":"ca"},{"@type":"Person","@id":"http:\/\/www.muntdemots.org\/2015\/#\/schema\/person\/044f266ada0bbfef322c898b60c664eb","name":"Administrador","image":{"@type":"ImageObject","inLanguage":"ca","@id":"http:\/\/www.muntdemots.org\/2015\/#\/schema\/person\/image\/","url":"http:\/\/2.gravatar.com\/avatar\/5e606b92edeab8bde9bff51a218d5ea9?s=96&d=mm&r=g","contentUrl":"http:\/\/2.gravatar.com\/avatar\/5e606b92edeab8bde9bff51a218d5ea9?s=96&d=mm&r=g","caption":"Administrador"},"url":"http:\/\/www.muntdemots.org\/2015\/author\/admin\/"}]}},"_links":{"self":[{"href":"http:\/\/www.muntdemots.org\/2015\/wp-json\/wp\/v2\/posts\/8188"}],"collection":[{"href":"http:\/\/www.muntdemots.org\/2015\/wp-json\/wp\/v2\/posts"}],"about":[{"href":"http:\/\/www.muntdemots.org\/2015\/wp-json\/wp\/v2\/types\/post"}],"author":[{"embeddable":true,"href":"http:\/\/www.muntdemots.org\/2015\/wp-json\/wp\/v2\/users\/1"}],"replies":[{"embeddable":true,"href":"http:\/\/www.muntdemots.org\/2015\/wp-json\/wp\/v2\/comments?post=8188"}],"version-history":[{"count":1,"href":"http:\/\/www.muntdemots.org\/2015\/wp-json\/wp\/v2\/posts\/8188\/revisions"}],"predecessor-version":[{"id":8190,"href":"http:\/\/www.muntdemots.org\/2015\/wp-json\/wp\/v2\/posts\/8188\/revisions\/8190"}],"wp:featuredmedia":[{"embeddable":true,"href":"http:\/\/www.muntdemots.org\/2015\/wp-json\/wp\/v2\/media\/8189"}],"wp:attachment":[{"href":"http:\/\/www.muntdemots.org\/2015\/wp-json\/wp\/v2\/media?parent=8188"}],"wp:term":[{"taxonomy":"category","embeddable":true,"href":"http:\/\/www.muntdemots.org\/2015\/wp-json\/wp\/v2\/categories?post=8188"},{"taxonomy":"post_tag","embeddable":true,"href":"http:\/\/www.muntdemots.org\/2015\/wp-json\/wp\/v2\/tags?post=8188"}],"curies":[{"name":"wp","href":"https:\/\/api.w.org\/{rel}","templated":true}]}}