{"id":8185,"date":"2015-10-20T22:36:23","date_gmt":"2015-10-20T22:36:23","guid":{"rendered":"http:\/\/www.muntdemots.org\/2015\/?p=8185"},"modified":"2015-10-20T22:36:23","modified_gmt":"2015-10-20T22:36:23","slug":"hilando-sin-fronteras","status":"publish","type":"post","link":"http:\/\/www.muntdemots.org\/2015\/hilando-sin-fronteras\/","title":{"rendered":"Hilando sin fronteras!"},"content":{"rendered":"<p>Con la emoci\u00f3n como tinta, escribo a bocajarro la sensaci\u00f3n que queda despu\u00e9s de escuchar a Paula contando en el H ORiGINAL. Y en gallego.<\/p>\n<p>Que los cuentos echan redes entre quienes siguen las historias cuando se hacen voz, ya lo sab\u00eda, pero hoy salgo fascinada al comprobar que no hay fronteras ling\u00fc\u00edsticas, que se mueven por las \u00f3rbitas de ese lenguaje universal, que se transporta desde la emoci\u00f3n, el gesto, la invitaci\u00f3n al otro para entrar en esos escenarios creados sin hacer paradas ni necesitar papeles ni acreditaciones.<\/p>\n<p>Es desde esa libertad\u00a0 absoluta y sencilla de la expresi\u00f3n (y al mismo tiempo rica y viva) desde donde\u00a0 Paula cuenta. Y lo hace desde la naturalidad del cuentero que enhebra las historias desde su territorio \u00edntimo y cercano, que lo ves y lo tocas desde sus ojos de mar atl\u00e1ntico, desde los silencios de quien sabe escuchar el viento, desde su voz firme y mel\u00f3dica que invita a entrar en territorios desconocidos. Y te lleva y te trae con el gui\u00f1o puesto en su mirada llena de complicidad de ni\u00f1a traviesa, que sabe con certeza que ese paseo por donde vas a viajar te va a encantar.<\/p>\n<p>Y nos ha encontado!!!!<\/p>\n<p>Alicia Molina<\/p>\n","protected":false},"excerpt":{"rendered":"<p>Cr\u00f2nica d&#8217;Al\u00edcia Molina de l&#8217;actuaci\u00f3 de Paula Carballeria al H Original en motiu del Munt de Mots 2015<\/p>\n","protected":false},"author":1,"featured_media":8182,"comment_status":"open","ping_status":"open","sticky":false,"template":"","format":"standard","meta":{"_mi_skip_tracking":false},"categories":[1],"tags":[],"yoast_head":"<!-- This site is optimized with the Yoast SEO plugin v20.5 - https:\/\/yoast.com\/wordpress\/plugins\/seo\/ -->\n<title>Hilando sin fronteras! - Munt de Mots<\/title>\n<meta name=\"description\" content=\"Cr\u00f2nica d&#039;Al\u00edcia Molina de l&#039;actuaci\u00f3 de Paula Carballeria al H Original en motiu del Munt de Mots 2015\" \/>\n<meta name=\"robots\" content=\"index, follow, max-snippet:-1, max-image-preview:large, max-video-preview:-1\" \/>\n<link rel=\"canonical\" href=\"http:\/\/www.muntdemots.org\/2015\/hilando-sin-fronteras\/\" \/>\n<meta property=\"og:locale\" content=\"ca_ES\" \/>\n<meta property=\"og:type\" content=\"article\" \/>\n<meta property=\"og:title\" content=\"Hilando sin fronteras! - Munt de Mots\" \/>\n<meta property=\"og:description\" content=\"Cr\u00f2nica d&#039;Al\u00edcia Molina de l&#039;actuaci\u00f3 de Paula Carballeria al H Original en motiu del Munt de Mots 2015\" \/>\n<meta property=\"og:url\" content=\"http:\/\/www.muntdemots.org\/2015\/hilando-sin-fronteras\/\" \/>\n<meta property=\"og:site_name\" content=\"Munt de Mots\" \/>\n<meta property=\"article:publisher\" content=\"https:\/\/www.facebook.com\/FestivalMuntdeMots\" \/>\n<meta property=\"article:published_time\" content=\"2015-10-20T22:36:23+00:00\" \/>\n<meta property=\"og:image\" content=\"http:\/\/www.muntdemots.org\/2015\/wp-content\/uploads\/2015\/10\/22331659705_4b91a4d210_b.jpg\" \/>\n\t<meta property=\"og:image:width\" content=\"847\" \/>\n\t<meta property=\"og:image:height\" content=\"567\" \/>\n\t<meta property=\"og:image:type\" content=\"image\/jpeg\" \/>\n<meta name=\"author\" content=\"Administrador\" \/>\n<meta name=\"twitter:card\" content=\"summary_large_image\" \/>\n<meta name=\"twitter:creator\" content=\"@muntdemots\" \/>\n<meta name=\"twitter:site\" content=\"@muntdemots\" \/>\n<meta name=\"twitter:label1\" content=\"Escrit per\" \/>\n\t<meta name=\"twitter:data1\" content=\"Administrador\" \/>\n\t<meta name=\"twitter:label2\" content=\"Temps estimat de lectura\" \/>\n\t<meta name=\"twitter:data2\" content=\"1 minut\" \/>\n<script type=\"application\/ld+json\" class=\"yoast-schema-graph\">{\"@context\":\"https:\/\/schema.org\",\"@graph\":[{\"@type\":\"WebPage\",\"@id\":\"http:\/\/www.muntdemots.org\/2015\/hilando-sin-fronteras\/\",\"url\":\"http:\/\/www.muntdemots.org\/2015\/hilando-sin-fronteras\/\",\"name\":\"Hilando sin fronteras! - Munt de Mots\",\"isPartOf\":{\"@id\":\"http:\/\/www.muntdemots.org\/2015\/#website\"},\"datePublished\":\"2015-10-20T22:36:23+00:00\",\"dateModified\":\"2015-10-20T22:36:23+00:00\",\"author\":{\"@id\":\"http:\/\/www.muntdemots.org\/2015\/#\/schema\/person\/044f266ada0bbfef322c898b60c664eb\"},\"description\":\"Cr\u00f2nica d'Al\u00edcia Molina de l'actuaci\u00f3 de Paula Carballeria al H Original en motiu del Munt de Mots 2015\",\"breadcrumb\":{\"@id\":\"http:\/\/www.muntdemots.org\/2015\/hilando-sin-fronteras\/#breadcrumb\"},\"inLanguage\":\"ca\",\"potentialAction\":[{\"@type\":\"ReadAction\",\"target\":[\"http:\/\/www.muntdemots.org\/2015\/hilando-sin-fronteras\/\"]}]},{\"@type\":\"BreadcrumbList\",\"@id\":\"http:\/\/www.muntdemots.org\/2015\/hilando-sin-fronteras\/#breadcrumb\",\"itemListElement\":[{\"@type\":\"ListItem\",\"position\":1,\"name\":\"Inici\",\"item\":\"http:\/\/www.muntdemots.org\/2015\/\"},{\"@type\":\"ListItem\",\"position\":2,\"name\":\"Hilando sin fronteras!\"}]},{\"@type\":\"WebSite\",\"@id\":\"http:\/\/www.muntdemots.org\/2015\/#website\",\"url\":\"http:\/\/www.muntdemots.org\/2015\/\",\"name\":\"Munt de Mots\",\"description\":\"\",\"potentialAction\":[{\"@type\":\"SearchAction\",\"target\":{\"@type\":\"EntryPoint\",\"urlTemplate\":\"http:\/\/www.muntdemots.org\/2015\/?s={search_term_string}\"},\"query-input\":\"required name=search_term_string\"}],\"inLanguage\":\"ca\"},{\"@type\":\"Person\",\"@id\":\"http:\/\/www.muntdemots.org\/2015\/#\/schema\/person\/044f266ada0bbfef322c898b60c664eb\",\"name\":\"Administrador\",\"image\":{\"@type\":\"ImageObject\",\"inLanguage\":\"ca\",\"@id\":\"http:\/\/www.muntdemots.org\/2015\/#\/schema\/person\/image\/\",\"url\":\"http:\/\/2.gravatar.com\/avatar\/5e606b92edeab8bde9bff51a218d5ea9?s=96&d=mm&r=g\",\"contentUrl\":\"http:\/\/2.gravatar.com\/avatar\/5e606b92edeab8bde9bff51a218d5ea9?s=96&d=mm&r=g\",\"caption\":\"Administrador\"},\"url\":\"http:\/\/www.muntdemots.org\/2015\/author\/admin\/\"}]}<\/script>\n<!-- \/ Yoast SEO plugin. -->","yoast_head_json":{"title":"Hilando sin fronteras! - Munt de Mots","description":"Cr\u00f2nica d'Al\u00edcia Molina de l'actuaci\u00f3 de Paula Carballeria al H Original en motiu del Munt de Mots 2015","robots":{"index":"index","follow":"follow","max-snippet":"max-snippet:-1","max-image-preview":"max-image-preview:large","max-video-preview":"max-video-preview:-1"},"canonical":"http:\/\/www.muntdemots.org\/2015\/hilando-sin-fronteras\/","og_locale":"ca_ES","og_type":"article","og_title":"Hilando sin fronteras! - Munt de Mots","og_description":"Cr\u00f2nica d'Al\u00edcia Molina de l'actuaci\u00f3 de Paula Carballeria al H Original en motiu del Munt de Mots 2015","og_url":"http:\/\/www.muntdemots.org\/2015\/hilando-sin-fronteras\/","og_site_name":"Munt de Mots","article_publisher":"https:\/\/www.facebook.com\/FestivalMuntdeMots","article_published_time":"2015-10-20T22:36:23+00:00","og_image":[{"width":847,"height":567,"url":"http:\/\/www.muntdemots.org\/2015\/wp-content\/uploads\/2015\/10\/22331659705_4b91a4d210_b.jpg","type":"image\/jpeg"}],"author":"Administrador","twitter_card":"summary_large_image","twitter_creator":"@muntdemots","twitter_site":"@muntdemots","twitter_misc":{"Escrit per":"Administrador","Temps estimat de lectura":"1 minut"},"schema":{"@context":"https:\/\/schema.org","@graph":[{"@type":"WebPage","@id":"http:\/\/www.muntdemots.org\/2015\/hilando-sin-fronteras\/","url":"http:\/\/www.muntdemots.org\/2015\/hilando-sin-fronteras\/","name":"Hilando sin fronteras! - Munt de Mots","isPartOf":{"@id":"http:\/\/www.muntdemots.org\/2015\/#website"},"datePublished":"2015-10-20T22:36:23+00:00","dateModified":"2015-10-20T22:36:23+00:00","author":{"@id":"http:\/\/www.muntdemots.org\/2015\/#\/schema\/person\/044f266ada0bbfef322c898b60c664eb"},"description":"Cr\u00f2nica d'Al\u00edcia Molina de l'actuaci\u00f3 de Paula Carballeria al H Original en motiu del Munt de Mots 2015","breadcrumb":{"@id":"http:\/\/www.muntdemots.org\/2015\/hilando-sin-fronteras\/#breadcrumb"},"inLanguage":"ca","potentialAction":[{"@type":"ReadAction","target":["http:\/\/www.muntdemots.org\/2015\/hilando-sin-fronteras\/"]}]},{"@type":"BreadcrumbList","@id":"http:\/\/www.muntdemots.org\/2015\/hilando-sin-fronteras\/#breadcrumb","itemListElement":[{"@type":"ListItem","position":1,"name":"Inici","item":"http:\/\/www.muntdemots.org\/2015\/"},{"@type":"ListItem","position":2,"name":"Hilando sin fronteras!"}]},{"@type":"WebSite","@id":"http:\/\/www.muntdemots.org\/2015\/#website","url":"http:\/\/www.muntdemots.org\/2015\/","name":"Munt de Mots","description":"","potentialAction":[{"@type":"SearchAction","target":{"@type":"EntryPoint","urlTemplate":"http:\/\/www.muntdemots.org\/2015\/?s={search_term_string}"},"query-input":"required name=search_term_string"}],"inLanguage":"ca"},{"@type":"Person","@id":"http:\/\/www.muntdemots.org\/2015\/#\/schema\/person\/044f266ada0bbfef322c898b60c664eb","name":"Administrador","image":{"@type":"ImageObject","inLanguage":"ca","@id":"http:\/\/www.muntdemots.org\/2015\/#\/schema\/person\/image\/","url":"http:\/\/2.gravatar.com\/avatar\/5e606b92edeab8bde9bff51a218d5ea9?s=96&d=mm&r=g","contentUrl":"http:\/\/2.gravatar.com\/avatar\/5e606b92edeab8bde9bff51a218d5ea9?s=96&d=mm&r=g","caption":"Administrador"},"url":"http:\/\/www.muntdemots.org\/2015\/author\/admin\/"}]}},"_links":{"self":[{"href":"http:\/\/www.muntdemots.org\/2015\/wp-json\/wp\/v2\/posts\/8185"}],"collection":[{"href":"http:\/\/www.muntdemots.org\/2015\/wp-json\/wp\/v2\/posts"}],"about":[{"href":"http:\/\/www.muntdemots.org\/2015\/wp-json\/wp\/v2\/types\/post"}],"author":[{"embeddable":true,"href":"http:\/\/www.muntdemots.org\/2015\/wp-json\/wp\/v2\/users\/1"}],"replies":[{"embeddable":true,"href":"http:\/\/www.muntdemots.org\/2015\/wp-json\/wp\/v2\/comments?post=8185"}],"version-history":[{"count":1,"href":"http:\/\/www.muntdemots.org\/2015\/wp-json\/wp\/v2\/posts\/8185\/revisions"}],"predecessor-version":[{"id":8186,"href":"http:\/\/www.muntdemots.org\/2015\/wp-json\/wp\/v2\/posts\/8185\/revisions\/8186"}],"wp:featuredmedia":[{"embeddable":true,"href":"http:\/\/www.muntdemots.org\/2015\/wp-json\/wp\/v2\/media\/8182"}],"wp:attachment":[{"href":"http:\/\/www.muntdemots.org\/2015\/wp-json\/wp\/v2\/media?parent=8185"}],"wp:term":[{"taxonomy":"category","embeddable":true,"href":"http:\/\/www.muntdemots.org\/2015\/wp-json\/wp\/v2\/categories?post=8185"},{"taxonomy":"post_tag","embeddable":true,"href":"http:\/\/www.muntdemots.org\/2015\/wp-json\/wp\/v2\/tags?post=8185"}],"curies":[{"name":"wp","href":"https:\/\/api.w.org\/{rel}","templated":true}]}}