{"id":7164,"date":"2014-07-31T00:01:25","date_gmt":"2014-07-31T00:01:25","guid":{"rendered":"http:\/\/www.muntdemots.org\/2014\/?p=7164"},"modified":"2015-10-22T15:56:10","modified_gmt":"2015-10-22T15:56:10","slug":"concurs-instamots","status":"publish","type":"post","link":"http:\/\/www.muntdemots.org\/2015\/concurs-instamots\/","title":{"rendered":"Concurs #Instamots"},"content":{"rendered":"<p>Et convidem a fer fotografies de les activitats del Festival i pujar-les a Instagram, amb l\u2019etiqueta #instamots. La foto amb m\u00e9s Like guanyar\u00e0 un premi especial que es lliurar\u00e0 durant la cerim\u00f2nia de Cloenda del Munt de Mots 2015, al CC Pati Llimona. (El Festival es reserva el dret de fer servir les imatges concursants per promoci\u00f3, amb cita expl\u00edcita de l\u2019autoria).<\/p>\n<p>Nosaltres al #Instamots:<\/p>\n<p><a href=\"https:\/\/instagram.com\/muntdemots\/\">https:\/\/instagram.com\/muntdemots\/<\/a><\/p>\n","protected":false},"excerpt":{"rendered":"<p>Et convidem a fer fotografies de les activitats del Festival i pujar-les a Instagram, amb l\u2019etiqueta #instamots. La foto amb m\u00e9s Like guanyar\u00e0 un premi especial que es lliurar\u00e0 durant la cerim\u00f2nia de Cloenda del Munt de Mots 2015, al CC Pati Llimona. (El Festival es reserva el dret de fer servir les imatges concursants [&hellip;]<\/p>\n","protected":false},"author":1,"featured_media":8133,"comment_status":"open","ping_status":"open","sticky":false,"template":"","format":"standard","meta":{"_mi_skip_tracking":false},"categories":[1],"tags":[43,44,45,46],"yoast_head":"<!-- This site is optimized with the Yoast SEO plugin v20.5 - https:\/\/yoast.com\/wordpress\/plugins\/seo\/ -->\n<title>Concurs #Instamots - Munt de Mots<\/title>\n<meta name=\"description\" content=\"concurs, fotografia, instagram, xarxes social\" \/>\n<meta name=\"robots\" content=\"index, follow, max-snippet:-1, max-image-preview:large, max-video-preview:-1\" \/>\n<link rel=\"canonical\" href=\"http:\/\/www.muntdemots.org\/2015\/concurs-instamots\/\" \/>\n<meta property=\"og:locale\" content=\"ca_ES\" \/>\n<meta property=\"og:type\" content=\"article\" \/>\n<meta property=\"og:title\" content=\"Concurs #Instamots\" \/>\n<meta property=\"og:description\" content=\"Et convidem a fer fotografies de les activitats del Festival i pujar-les a Instagram, amb l\u2019etiqueta #instamots. La foto amb m\u00e9s Like guanyar\u00e0 un premi especial que es lliurar\u00e0 durant la cerim\u00f2nia de Cloenda del Munt de Mots 2015, al CC Pati Llimona.\" \/>\n<meta property=\"og:url\" content=\"http:\/\/www.muntdemots.org\/2015\/concurs-instamots\/\" \/>\n<meta property=\"og:site_name\" content=\"Munt de Mots\" \/>\n<meta property=\"article:publisher\" content=\"https:\/\/www.facebook.com\/FestivalMuntdeMots\" \/>\n<meta property=\"article:published_time\" content=\"2014-07-31T00:01:25+00:00\" \/>\n<meta property=\"article:modified_time\" content=\"2015-10-22T15:56:10+00:00\" \/>\n<meta property=\"og:image\" content=\"http:\/\/www.muntdemots.org\/2015\/wp-content\/uploads\/2015\/10\/PARA-ACOMPAN\u0303AR-INFO-CONCURSO-INSTAMOTS-FOTO-GANADORA-INSTAMUNT-2013.jpg\" \/>\n\t<meta property=\"og:image:width\" content=\"640\" \/>\n\t<meta property=\"og:image:height\" content=\"640\" \/>\n\t<meta property=\"og:image:type\" content=\"image\/jpeg\" \/>\n<meta name=\"author\" content=\"Administrador\" \/>\n<meta name=\"twitter:card\" content=\"summary_large_image\" \/>\n<meta name=\"twitter:title\" content=\"Concurs #Instamots\" \/>\n<meta name=\"twitter:description\" content=\"Et convidem a fer fotografies de les activitats del Festival i pujar-les a Instagram, amb l\u2019etiqueta #instamots. La foto amb m\u00e9s Like guanyar\u00e0 un premi especial que es lliurar\u00e0 durant la cerim\u00f2nia de Cloenda del Munt de Mots 2015, al CC Pati Llimona.\" \/>\n<meta name=\"twitter:creator\" content=\"@muntdemots\" \/>\n<meta name=\"twitter:site\" content=\"@muntdemots\" \/>\n<meta name=\"twitter:label1\" content=\"Escrit per\" \/>\n\t<meta name=\"twitter:data1\" content=\"Administrador\" \/>\n<script type=\"application\/ld+json\" class=\"yoast-schema-graph\">{\"@context\":\"https:\/\/schema.org\",\"@graph\":[{\"@type\":\"WebPage\",\"@id\":\"http:\/\/www.muntdemots.org\/2015\/concurs-instamots\/\",\"url\":\"http:\/\/www.muntdemots.org\/2015\/concurs-instamots\/\",\"name\":\"Concurs #Instamots - Munt de Mots\",\"isPartOf\":{\"@id\":\"https:\/\/www.muntdemots.org\/2015\/#website\"},\"datePublished\":\"2014-07-31T00:01:25+00:00\",\"dateModified\":\"2015-10-22T15:56:10+00:00\",\"author\":{\"@id\":\"https:\/\/www.muntdemots.org\/2015\/#\/schema\/person\/044f266ada0bbfef322c898b60c664eb\"},\"description\":\"concurs, fotografia, instagram, xarxes social\",\"breadcrumb\":{\"@id\":\"http:\/\/www.muntdemots.org\/2015\/concurs-instamots\/#breadcrumb\"},\"inLanguage\":\"ca\",\"potentialAction\":[{\"@type\":\"ReadAction\",\"target\":[\"http:\/\/www.muntdemots.org\/2015\/concurs-instamots\/\"]}]},{\"@type\":\"BreadcrumbList\",\"@id\":\"http:\/\/www.muntdemots.org\/2015\/concurs-instamots\/#breadcrumb\",\"itemListElement\":[{\"@type\":\"ListItem\",\"position\":1,\"name\":\"Inici\",\"item\":\"https:\/\/www.muntdemots.org\/2015\/\"},{\"@type\":\"ListItem\",\"position\":2,\"name\":\"Concurs #Instamots\"}]},{\"@type\":\"WebSite\",\"@id\":\"https:\/\/www.muntdemots.org\/2015\/#website\",\"url\":\"https:\/\/www.muntdemots.org\/2015\/\",\"name\":\"Munt de Mots\",\"description\":\"\",\"potentialAction\":[{\"@type\":\"SearchAction\",\"target\":{\"@type\":\"EntryPoint\",\"urlTemplate\":\"https:\/\/www.muntdemots.org\/2015\/?s={search_term_string}\"},\"query-input\":\"required name=search_term_string\"}],\"inLanguage\":\"ca\"},{\"@type\":\"Person\",\"@id\":\"https:\/\/www.muntdemots.org\/2015\/#\/schema\/person\/044f266ada0bbfef322c898b60c664eb\",\"name\":\"Administrador\",\"image\":{\"@type\":\"ImageObject\",\"inLanguage\":\"ca\",\"@id\":\"https:\/\/www.muntdemots.org\/2015\/#\/schema\/person\/image\/\",\"url\":\"http:\/\/2.gravatar.com\/avatar\/5e606b92edeab8bde9bff51a218d5ea9?s=96&d=mm&r=g\",\"contentUrl\":\"http:\/\/2.gravatar.com\/avatar\/5e606b92edeab8bde9bff51a218d5ea9?s=96&d=mm&r=g\",\"caption\":\"Administrador\"},\"url\":\"http:\/\/www.muntdemots.org\/2015\/author\/admin\/\"}]}<\/script>\n<!-- \/ Yoast SEO plugin. -->","yoast_head_json":{"title":"Concurs #Instamots - Munt de Mots","description":"concurs, fotografia, instagram, xarxes social","robots":{"index":"index","follow":"follow","max-snippet":"max-snippet:-1","max-image-preview":"max-image-preview:large","max-video-preview":"max-video-preview:-1"},"canonical":"http:\/\/www.muntdemots.org\/2015\/concurs-instamots\/","og_locale":"ca_ES","og_type":"article","og_title":"Concurs #Instamots","og_description":"Et convidem a fer fotografies de les activitats del Festival i pujar-les a Instagram, amb l\u2019etiqueta #instamots. La foto amb m\u00e9s Like guanyar\u00e0 un premi especial que es lliurar\u00e0 durant la cerim\u00f2nia de Cloenda del Munt de Mots 2015, al CC Pati Llimona.","og_url":"http:\/\/www.muntdemots.org\/2015\/concurs-instamots\/","og_site_name":"Munt de Mots","article_publisher":"https:\/\/www.facebook.com\/FestivalMuntdeMots","article_published_time":"2014-07-31T00:01:25+00:00","article_modified_time":"2015-10-22T15:56:10+00:00","og_image":[{"width":640,"height":640,"url":"http:\/\/www.muntdemots.org\/2015\/wp-content\/uploads\/2015\/10\/PARA-ACOMPAN\u0303AR-INFO-CONCURSO-INSTAMOTS-FOTO-GANADORA-INSTAMUNT-2013.jpg","type":"image\/jpeg"}],"author":"Administrador","twitter_card":"summary_large_image","twitter_title":"Concurs #Instamots","twitter_description":"Et convidem a fer fotografies de les activitats del Festival i pujar-les a Instagram, amb l\u2019etiqueta #instamots. La foto amb m\u00e9s Like guanyar\u00e0 un premi especial que es lliurar\u00e0 durant la cerim\u00f2nia de Cloenda del Munt de Mots 2015, al CC Pati Llimona.","twitter_creator":"@muntdemots","twitter_site":"@muntdemots","twitter_misc":{"Escrit per":"Administrador"},"schema":{"@context":"https:\/\/schema.org","@graph":[{"@type":"WebPage","@id":"http:\/\/www.muntdemots.org\/2015\/concurs-instamots\/","url":"http:\/\/www.muntdemots.org\/2015\/concurs-instamots\/","name":"Concurs #Instamots - Munt de Mots","isPartOf":{"@id":"https:\/\/www.muntdemots.org\/2015\/#website"},"datePublished":"2014-07-31T00:01:25+00:00","dateModified":"2015-10-22T15:56:10+00:00","author":{"@id":"https:\/\/www.muntdemots.org\/2015\/#\/schema\/person\/044f266ada0bbfef322c898b60c664eb"},"description":"concurs, fotografia, instagram, xarxes social","breadcrumb":{"@id":"http:\/\/www.muntdemots.org\/2015\/concurs-instamots\/#breadcrumb"},"inLanguage":"ca","potentialAction":[{"@type":"ReadAction","target":["http:\/\/www.muntdemots.org\/2015\/concurs-instamots\/"]}]},{"@type":"BreadcrumbList","@id":"http:\/\/www.muntdemots.org\/2015\/concurs-instamots\/#breadcrumb","itemListElement":[{"@type":"ListItem","position":1,"name":"Inici","item":"https:\/\/www.muntdemots.org\/2015\/"},{"@type":"ListItem","position":2,"name":"Concurs #Instamots"}]},{"@type":"WebSite","@id":"https:\/\/www.muntdemots.org\/2015\/#website","url":"https:\/\/www.muntdemots.org\/2015\/","name":"Munt de Mots","description":"","potentialAction":[{"@type":"SearchAction","target":{"@type":"EntryPoint","urlTemplate":"https:\/\/www.muntdemots.org\/2015\/?s={search_term_string}"},"query-input":"required name=search_term_string"}],"inLanguage":"ca"},{"@type":"Person","@id":"https:\/\/www.muntdemots.org\/2015\/#\/schema\/person\/044f266ada0bbfef322c898b60c664eb","name":"Administrador","image":{"@type":"ImageObject","inLanguage":"ca","@id":"https:\/\/www.muntdemots.org\/2015\/#\/schema\/person\/image\/","url":"http:\/\/2.gravatar.com\/avatar\/5e606b92edeab8bde9bff51a218d5ea9?s=96&d=mm&r=g","contentUrl":"http:\/\/2.gravatar.com\/avatar\/5e606b92edeab8bde9bff51a218d5ea9?s=96&d=mm&r=g","caption":"Administrador"},"url":"http:\/\/www.muntdemots.org\/2015\/author\/admin\/"}]}},"_links":{"self":[{"href":"http:\/\/www.muntdemots.org\/2015\/wp-json\/wp\/v2\/posts\/7164"}],"collection":[{"href":"http:\/\/www.muntdemots.org\/2015\/wp-json\/wp\/v2\/posts"}],"about":[{"href":"http:\/\/www.muntdemots.org\/2015\/wp-json\/wp\/v2\/types\/post"}],"author":[{"embeddable":true,"href":"http:\/\/www.muntdemots.org\/2015\/wp-json\/wp\/v2\/users\/1"}],"replies":[{"embeddable":true,"href":"http:\/\/www.muntdemots.org\/2015\/wp-json\/wp\/v2\/comments?post=7164"}],"version-history":[{"count":9,"href":"http:\/\/www.muntdemots.org\/2015\/wp-json\/wp\/v2\/posts\/7164\/revisions"}],"predecessor-version":[{"id":8202,"href":"http:\/\/www.muntdemots.org\/2015\/wp-json\/wp\/v2\/posts\/7164\/revisions\/8202"}],"wp:featuredmedia":[{"embeddable":true,"href":"http:\/\/www.muntdemots.org\/2015\/wp-json\/wp\/v2\/media\/8133"}],"wp:attachment":[{"href":"http:\/\/www.muntdemots.org\/2015\/wp-json\/wp\/v2\/media?parent=7164"}],"wp:term":[{"taxonomy":"category","embeddable":true,"href":"http:\/\/www.muntdemots.org\/2015\/wp-json\/wp\/v2\/categories?post=7164"},{"taxonomy":"post_tag","embeddable":true,"href":"http:\/\/www.muntdemots.org\/2015\/wp-json\/wp\/v2\/tags?post=7164"}],"curies":[{"name":"wp","href":"https:\/\/api.w.org\/{rel}","templated":true}]}}